{"id":8627,"date":"2026-07-30T16:20:06","date_gmt":"2026-07-30T14:20:06","guid":{"rendered":"https:\/\/xn--srvemaa-90a.ee\/index.php\/?p=8627"},"modified":"2026-08-10T16:22:23","modified_gmt":"2026-08-10T14:22:23","slug":"sorve-maakoor-laulis-taritu-laulupeol","status":"publish","type":"post","link":"https:\/\/xn--srvemaa-90a.ee\/index.php\/logiraamat\/sorve-maakoor-laulis-taritu-laulupeol\/","title":{"rendered":"S\u00f6rve Maakoor laulis Taritu laulupeol"},"content":{"rendered":"\n<p class=\"wp-block-paragraph\">\u00dchel soojal ja vihmasel juulikuu laup\u00e4eval toimus j\u00e4rjekordne Taritu laulupidu, kus ka S\u00f6rve Maakoor on ikka r\u00f5\u00f5muga osalenud. Nii ka sel korral.  Sel korral sai koos teiste kohale tulnud kooridega veelkord laulda t\u00e4navusel Saaremaa laulupeol k\u00f5lanud laulusid ning kaasa elada rahvatantsijatele. Ka traditsioonilised lestakalad said s\u00f6\u00f6dud. Oli kena kodune pidu! Ait\u00e4h headele naabritele Taritust meid k\u00fclla kutsumast!<\/p>\n\n\n\n<figure class=\"wp-block-image size-large\"><img fetchpriority=\"high\" decoding=\"async\" width=\"1024\" height=\"768\" src=\"http:\/\/xn--srvemaa-90a.ee\/wp-content\/uploads\/2026\/08\/Taritu-laulupidu-2026-1024x768.jpg\" alt=\"\" class=\"wp-image-8632\" srcset=\"https:\/\/xn--srvemaa-90a.ee\/wp-content\/uploads\/2026\/08\/Taritu-laulupidu-2026-1024x768.jpg 1024w, https:\/\/xn--srvemaa-90a.ee\/wp-content\/uploads\/2026\/08\/Taritu-laulupidu-2026-300x225.jpg 300w, https:\/\/xn--srvemaa-90a.ee\/wp-content\/uploads\/2026\/08\/Taritu-laulupidu-2026-768x576.jpg 768w, https:\/\/xn--srvemaa-90a.ee\/wp-content\/uploads\/2026\/08\/Taritu-laulupidu-2026-1536x1152.jpg 1536w, https:\/\/xn--srvemaa-90a.ee\/wp-content\/uploads\/2026\/08\/Taritu-laulupidu-2026-1440x1080.jpg 1440w, https:\/\/xn--srvemaa-90a.ee\/wp-content\/uploads\/2026\/08\/Taritu-laulupidu-2026-400x300.jpg 400w, https:\/\/xn--srvemaa-90a.ee\/wp-content\/uploads\/2026\/08\/Taritu-laulupidu-2026.jpg 1600w\" sizes=\"(max-width: 1024px) 100vw, 1024px\" \/><\/figure>\n","protected":false},"excerpt":{"rendered":"<p>\u00dchel soojal ja vihmasel juulikuu laup\u00e4eval toimus j\u00e4rjekordne Taritu laulupidu, kus ka S\u00f6rve Maakoor on ikka r\u00f5\u00f5muga osalenud. Nii ka sel korral. Sel korral sai koos teiste kohale tulnud kooridega veelkord laulda t\u00e4navusel Saaremaa laulupeol k\u00f5lanud laulusid ning kaasa elada rahvatantsijatele. Ka traditsioonilised lestakalad said s\u00f6\u00f6dud. Oli kena kodune pidu! &hellip;<\/p>\n","protected":false},"author":7,"featured_media":8629,"comment_status":"closed","ping_status":"open","sticky":false,"template":"","format":"standard","meta":{"_acf_changed":false,"footnotes":""},"categories":[519],"tags":[125,141],"class_list":["post-8627","post","type-post","status-publish","format-standard","has-post-thumbnail","hentry","category-logiraamat","tag-sorve-maakoor","tag-taritu"],"acf":[],"aioseo_notices":[],"aioseo_head":"\n\t\t<!-- All in One SEO 4.9.10 - aioseo.com -->\n\t<meta name=\"description\" content=\"\u00dchel soojal ja vihmasel juulikuu laup\u00e4eval toimus j\u00e4rjekordne Taritu laulupidu, kus ka S\u00f6rve Maakoor on ikka r\u00f5\u00f5muga osalenud. Nii ka sel korral. Sel korral sai koos teiste kohale tulnud kooridega veelkord laulda t\u00e4navusel Saaremaa laulupeol k\u00f5lanud laulusid ning kaasa elada rahvatantsijatele. Ka traditsioonilised lestakalad said s\u00f6\u00f6dud. Oli kena kodune pidu! Ait\u00e4h headele naabritele Taritust meid\" \/>\n\t<meta name=\"robots\" content=\"max-image-preview:large\" \/>\n\t<meta name=\"author\" content=\"S\u00f6uke S\u00f6rvemaa\"\/>\n\t<meta name=\"keywords\" content=\"s\u00f6rve maakoor,taritu\" \/>\n\t<link rel=\"canonical\" href=\"https:\/\/xn--srvemaa-90a.ee\/index.php\/logiraamat\/sorve-maakoor-laulis-taritu-laulupeol\/\" \/>\n\t<meta name=\"generator\" content=\"All in One SEO (AIOSEO) 4.9.10\" \/>\n\t\t<meta property=\"og:locale\" content=\"et_EE\" \/>\n\t\t<meta property=\"og:site_name\" content=\"S\u00f6uke s\u00f6rvemaa\" \/>\n\t\t<meta property=\"og:type\" content=\"article\" \/>\n\t\t<meta property=\"og:title\" content=\"S\u00f6rve Maakoor laulis Taritu laulupeol | SPS\" \/>\n\t\t<meta property=\"og:description\" content=\"\u00dchel soojal ja vihmasel juulikuu laup\u00e4eval toimus j\u00e4rjekordne Taritu laulupidu, kus ka S\u00f6rve Maakoor on ikka r\u00f5\u00f5muga osalenud. Nii ka sel korral. Sel korral sai koos teiste kohale tulnud kooridega veelkord laulda t\u00e4navusel Saaremaa laulupeol k\u00f5lanud laulusid ning kaasa elada rahvatantsijatele. Ka traditsioonilised lestakalad said s\u00f6\u00f6dud. Oli kena kodune pidu! Ait\u00e4h headele naabritele Taritust meid\" \/>\n\t\t<meta property=\"og:url\" content=\"https:\/\/xn--srvemaa-90a.ee\/index.php\/logiraamat\/sorve-maakoor-laulis-taritu-laulupeol\/\" \/>\n\t\t<meta property=\"og:image\" content=\"https:\/\/xn--srvemaa-90a.ee\/wp-content\/uploads\/2020\/03\/kuj-2022-09-015-sps-logo-vaikeste-uuendustega-aadressita-varv-juhuslik-C-2.svg\" \/>\n\t\t<meta property=\"og:image:secure_url\" content=\"https:\/\/xn--srvemaa-90a.ee\/wp-content\/uploads\/2020\/03\/kuj-2022-09-015-sps-logo-vaikeste-uuendustega-aadressita-varv-juhuslik-C-2.svg\" \/>\n\t\t<meta property=\"article:published_time\" content=\"2026-07-30T14:20:06+00:00\" \/>\n\t\t<meta property=\"article:modified_time\" content=\"2026-08-10T14:22:23+00:00\" \/>\n\t\t<meta property=\"article:publisher\" content=\"https:\/\/www.facebook.com\/sorvemaaparimuseselts\/\" \/>\n\t\t<meta name=\"twitter:card\" content=\"summary\" \/>\n\t\t<meta name=\"twitter:title\" content=\"S\u00f6rve Maakoor laulis Taritu laulupeol | SPS\" \/>\n\t\t<meta name=\"twitter:description\" content=\"\u00dchel soojal ja vihmasel juulikuu laup\u00e4eval toimus j\u00e4rjekordne Taritu laulupidu, kus ka S\u00f6rve Maakoor on ikka r\u00f5\u00f5muga osalenud. Nii ka sel korral. Sel korral sai koos teiste kohale tulnud kooridega veelkord laulda t\u00e4navusel Saaremaa laulupeol k\u00f5lanud laulusid ning kaasa elada rahvatantsijatele. Ka traditsioonilised lestakalad said s\u00f6\u00f6dud. Oli kena kodune pidu! Ait\u00e4h headele naabritele Taritust meid\" \/>\n\t\t<meta name=\"twitter:image\" content=\"https:\/\/xn--srvemaa-90a.ee\/wp-content\/uploads\/2020\/03\/kuj-2022-09-015-sps-logo-vaikeste-uuendustega-aadressita-varv-juhuslik-C-2.svg\" \/>\n\t\t<script type=\"application\/ld+json\" class=\"aioseo-schema\">\n\t\t\t{\"@context\":\"https:\\\/\\\/schema.org\",\"@graph\":[{\"@type\":\"Article\",\"@id\":\"https:\\\/\\\/xn--srvemaa-90a.ee\\\/index.php\\\/logiraamat\\\/sorve-maakoor-laulis-taritu-laulupeol\\\/#article\",\"name\":\"S\\u00f6rve Maakoor laulis Taritu laulupeol | SPS\",\"headline\":\"S\\u00f6rve Maakoor laulis Taritu laulupeol\",\"author\":{\"@id\":\"https:\\\/\\\/xn--srvemaa-90a.ee\\\/index.php\\\/author\\\/sps\\\/#author\"},\"publisher\":{\"@id\":\"https:\\\/\\\/xn--srvemaa-90a.ee\\\/index.php\\\/#organization\"},\"image\":{\"@type\":\"ImageObject\",\"url\":\"https:\\\/\\\/xn--srvemaa-90a.ee\\\/wp-content\\\/uploads\\\/2026\\\/08\\\/Taritu-laulupidu-2026_tunnuspilt.jpg\",\"width\":1200,\"height\":628},\"datePublished\":\"2026-07-30T16:20:06+02:00\",\"dateModified\":\"2026-08-10T16:22:23+02:00\",\"inLanguage\":\"et\",\"mainEntityOfPage\":{\"@id\":\"https:\\\/\\\/xn--srvemaa-90a.ee\\\/index.php\\\/logiraamat\\\/sorve-maakoor-laulis-taritu-laulupeol\\\/#webpage\"},\"isPartOf\":{\"@id\":\"https:\\\/\\\/xn--srvemaa-90a.ee\\\/index.php\\\/logiraamat\\\/sorve-maakoor-laulis-taritu-laulupeol\\\/#webpage\"},\"articleSection\":\"Logiraamat, S\\u00f6rve Maakoor, Taritu\"},{\"@type\":\"BreadcrumbList\",\"@id\":\"https:\\\/\\\/xn--srvemaa-90a.ee\\\/index.php\\\/logiraamat\\\/sorve-maakoor-laulis-taritu-laulupeol\\\/#breadcrumblist\",\"itemListElement\":[{\"@type\":\"ListItem\",\"@id\":\"https:\\\/\\\/xn--srvemaa-90a.ee\\\/index.php#listItem\",\"position\":1,\"name\":\"Home\",\"item\":\"https:\\\/\\\/xn--srvemaa-90a.ee\\\/index.php\",\"nextItem\":{\"@type\":\"ListItem\",\"@id\":\"https:\\\/\\\/xn--srvemaa-90a.ee\\\/index.php\\\/category\\\/logiraamat\\\/#listItem\",\"name\":\"Logiraamat\"}},{\"@type\":\"ListItem\",\"@id\":\"https:\\\/\\\/xn--srvemaa-90a.ee\\\/index.php\\\/category\\\/logiraamat\\\/#listItem\",\"position\":2,\"name\":\"Logiraamat\",\"item\":\"https:\\\/\\\/xn--srvemaa-90a.ee\\\/index.php\\\/category\\\/logiraamat\\\/\",\"nextItem\":{\"@type\":\"ListItem\",\"@id\":\"https:\\\/\\\/xn--srvemaa-90a.ee\\\/index.php\\\/logiraamat\\\/sorve-maakoor-laulis-taritu-laulupeol\\\/#listItem\",\"name\":\"S\\u00f6rve Maakoor laulis Taritu laulupeol\"},\"previousItem\":{\"@type\":\"ListItem\",\"@id\":\"https:\\\/\\\/xn--srvemaa-90a.ee\\\/index.php#listItem\",\"name\":\"Home\"}},{\"@type\":\"ListItem\",\"@id\":\"https:\\\/\\\/xn--srvemaa-90a.ee\\\/index.php\\\/logiraamat\\\/sorve-maakoor-laulis-taritu-laulupeol\\\/#listItem\",\"position\":3,\"name\":\"S\\u00f6rve Maakoor laulis Taritu laulupeol\",\"previousItem\":{\"@type\":\"ListItem\",\"@id\":\"https:\\\/\\\/xn--srvemaa-90a.ee\\\/index.php\\\/category\\\/logiraamat\\\/#listItem\",\"name\":\"Logiraamat\"}}]},{\"@type\":\"Organization\",\"@id\":\"https:\\\/\\\/xn--srvemaa-90a.ee\\\/index.php\\\/#organization\",\"name\":\"S\\u00f6rvemaa P\\u00e4rimuse Selts\",\"description\":\"Tundmine. Kandmine. Edasiandmine. Arendamine.\",\"url\":\"https:\\\/\\\/xn--srvemaa-90a.ee\\\/index.php\\\/\",\"logo\":{\"@type\":\"ImageObject\",\"url\":\"https:\\\/\\\/xn--srvemaa-90a.ee\\\/wp-content\\\/uploads\\\/2017\\\/09\\\/39831_116124621773024_2140669_n.jpg\",\"@id\":\"https:\\\/\\\/xn--srvemaa-90a.ee\\\/index.php\\\/logiraamat\\\/sorve-maakoor-laulis-taritu-laulupeol\\\/#organizationLogo\",\"width\":461,\"height\":447},\"image\":{\"@id\":\"https:\\\/\\\/xn--srvemaa-90a.ee\\\/index.php\\\/logiraamat\\\/sorve-maakoor-laulis-taritu-laulupeol\\\/#organizationLogo\"},\"sameAs\":[\"https:\\\/\\\/www.facebook.com\\\/sorvemaaparimuseselts\\\/\",\"https:\\\/\\\/www.instagram.com\\\/sorvemaaparimuseselts\\\/\"]},{\"@type\":\"Person\",\"@id\":\"https:\\\/\\\/xn--srvemaa-90a.ee\\\/index.php\\\/author\\\/sps\\\/#author\",\"url\":\"https:\\\/\\\/xn--srvemaa-90a.ee\\\/index.php\\\/author\\\/sps\\\/\",\"name\":\"S\\u00f6uke S\\u00f6rvemaa\",\"image\":{\"@type\":\"ImageObject\",\"@id\":\"https:\\\/\\\/xn--srvemaa-90a.ee\\\/index.php\\\/logiraamat\\\/sorve-maakoor-laulis-taritu-laulupeol\\\/#authorImage\",\"url\":\"https:\\\/\\\/secure.gravatar.com\\\/avatar\\\/3250babda1ef1592f32e0957e84ea48c07feec6a5b34e2bc812c9a4d297397fe?s=96&d=identicon&r=g\",\"width\":96,\"height\":96,\"caption\":\"S\\u00f6uke S\\u00f6rvemaa\"}},{\"@type\":\"WebPage\",\"@id\":\"https:\\\/\\\/xn--srvemaa-90a.ee\\\/index.php\\\/logiraamat\\\/sorve-maakoor-laulis-taritu-laulupeol\\\/#webpage\",\"url\":\"https:\\\/\\\/xn--srvemaa-90a.ee\\\/index.php\\\/logiraamat\\\/sorve-maakoor-laulis-taritu-laulupeol\\\/\",\"name\":\"S\\u00f6rve Maakoor laulis Taritu laulupeol | SPS\",\"description\":\"\\u00dchel soojal ja vihmasel juulikuu laup\\u00e4eval toimus j\\u00e4rjekordne Taritu laulupidu, kus ka S\\u00f6rve Maakoor on ikka r\\u00f5\\u00f5muga osalenud. Nii ka sel korral. Sel korral sai koos teiste kohale tulnud kooridega veelkord laulda t\\u00e4navusel Saaremaa laulupeol k\\u00f5lanud laulusid ning kaasa elada rahvatantsijatele. Ka traditsioonilised lestakalad said s\\u00f6\\u00f6dud. Oli kena kodune pidu! Ait\\u00e4h headele naabritele Taritust meid\",\"inLanguage\":\"et\",\"isPartOf\":{\"@id\":\"https:\\\/\\\/xn--srvemaa-90a.ee\\\/index.php\\\/#website\"},\"breadcrumb\":{\"@id\":\"https:\\\/\\\/xn--srvemaa-90a.ee\\\/index.php\\\/logiraamat\\\/sorve-maakoor-laulis-taritu-laulupeol\\\/#breadcrumblist\"},\"author\":{\"@id\":\"https:\\\/\\\/xn--srvemaa-90a.ee\\\/index.php\\\/author\\\/sps\\\/#author\"},\"creator\":{\"@id\":\"https:\\\/\\\/xn--srvemaa-90a.ee\\\/index.php\\\/author\\\/sps\\\/#author\"},\"image\":{\"@type\":\"ImageObject\",\"url\":\"https:\\\/\\\/xn--srvemaa-90a.ee\\\/wp-content\\\/uploads\\\/2026\\\/08\\\/Taritu-laulupidu-2026_tunnuspilt.jpg\",\"@id\":\"https:\\\/\\\/xn--srvemaa-90a.ee\\\/index.php\\\/logiraamat\\\/sorve-maakoor-laulis-taritu-laulupeol\\\/#mainImage\",\"width\":1200,\"height\":628},\"primaryImageOfPage\":{\"@id\":\"https:\\\/\\\/xn--srvemaa-90a.ee\\\/index.php\\\/logiraamat\\\/sorve-maakoor-laulis-taritu-laulupeol\\\/#mainImage\"},\"datePublished\":\"2026-07-30T16:20:06+02:00\",\"dateModified\":\"2026-08-10T16:22:23+02:00\"},{\"@type\":\"WebSite\",\"@id\":\"https:\\\/\\\/xn--srvemaa-90a.ee\\\/index.php\\\/#website\",\"url\":\"https:\\\/\\\/xn--srvemaa-90a.ee\\\/index.php\\\/\",\"name\":\"S\\u00f6uke S\\u00f6rvemaa\",\"description\":\"Tundmine. Kandmine. Edasiandmine. Arendamine.\",\"inLanguage\":\"et\",\"publisher\":{\"@id\":\"https:\\\/\\\/xn--srvemaa-90a.ee\\\/index.php\\\/#organization\"}}]}\n\t\t<\/script>\n\t\t<!-- All in One SEO -->\n\n","aioseo_head_json":{"title":"S\u00f6rve Maakoor laulis Taritu laulupeol | SPS","description":"\u00dchel soojal ja vihmasel juulikuu laup\u00e4eval toimus j\u00e4rjekordne Taritu laulupidu, kus ka S\u00f6rve Maakoor on ikka r\u00f5\u00f5muga osalenud. Nii ka sel korral. Sel korral sai koos teiste kohale tulnud kooridega veelkord laulda t\u00e4navusel Saaremaa laulupeol k\u00f5lanud laulusid ning kaasa elada rahvatantsijatele. Ka traditsioonilised lestakalad said s\u00f6\u00f6dud. Oli kena kodune pidu! Ait\u00e4h headele naabritele Taritust meid","canonical_url":"https:\/\/xn--srvemaa-90a.ee\/index.php\/logiraamat\/sorve-maakoor-laulis-taritu-laulupeol\/","robots":"max-image-preview:large","keywords":"s\u00f6rve maakoor,taritu","webmasterTools":{"miscellaneous":""},"schema":{"@context":"https:\/\/schema.org","@graph":[{"@type":"Article","@id":"https:\/\/xn--srvemaa-90a.ee\/index.php\/logiraamat\/sorve-maakoor-laulis-taritu-laulupeol\/#article","name":"S\u00f6rve Maakoor laulis Taritu laulupeol | SPS","headline":"S\u00f6rve Maakoor laulis Taritu laulupeol","author":{"@id":"https:\/\/xn--srvemaa-90a.ee\/index.php\/author\/sps\/#author"},"publisher":{"@id":"https:\/\/xn--srvemaa-90a.ee\/index.php\/#organization"},"image":{"@type":"ImageObject","url":"https:\/\/xn--srvemaa-90a.ee\/wp-content\/uploads\/2026\/08\/Taritu-laulupidu-2026_tunnuspilt.jpg","width":1200,"height":628},"datePublished":"2026-07-30T16:20:06+02:00","dateModified":"2026-08-10T16:22:23+02:00","inLanguage":"et","mainEntityOfPage":{"@id":"https:\/\/xn--srvemaa-90a.ee\/index.php\/logiraamat\/sorve-maakoor-laulis-taritu-laulupeol\/#webpage"},"isPartOf":{"@id":"https:\/\/xn--srvemaa-90a.ee\/index.php\/logiraamat\/sorve-maakoor-laulis-taritu-laulupeol\/#webpage"},"articleSection":"Logiraamat, S\u00f6rve Maakoor, Taritu"},{"@type":"BreadcrumbList","@id":"https:\/\/xn--srvemaa-90a.ee\/index.php\/logiraamat\/sorve-maakoor-laulis-taritu-laulupeol\/#breadcrumblist","itemListElement":[{"@type":"ListItem","@id":"https:\/\/xn--srvemaa-90a.ee\/index.php#listItem","position":1,"name":"Home","item":"https:\/\/xn--srvemaa-90a.ee\/index.php","nextItem":{"@type":"ListItem","@id":"https:\/\/xn--srvemaa-90a.ee\/index.php\/category\/logiraamat\/#listItem","name":"Logiraamat"}},{"@type":"ListItem","@id":"https:\/\/xn--srvemaa-90a.ee\/index.php\/category\/logiraamat\/#listItem","position":2,"name":"Logiraamat","item":"https:\/\/xn--srvemaa-90a.ee\/index.php\/category\/logiraamat\/","nextItem":{"@type":"ListItem","@id":"https:\/\/xn--srvemaa-90a.ee\/index.php\/logiraamat\/sorve-maakoor-laulis-taritu-laulupeol\/#listItem","name":"S\u00f6rve Maakoor laulis Taritu laulupeol"},"previousItem":{"@type":"ListItem","@id":"https:\/\/xn--srvemaa-90a.ee\/index.php#listItem","name":"Home"}},{"@type":"ListItem","@id":"https:\/\/xn--srvemaa-90a.ee\/index.php\/logiraamat\/sorve-maakoor-laulis-taritu-laulupeol\/#listItem","position":3,"name":"S\u00f6rve Maakoor laulis Taritu laulupeol","previousItem":{"@type":"ListItem","@id":"https:\/\/xn--srvemaa-90a.ee\/index.php\/category\/logiraamat\/#listItem","name":"Logiraamat"}}]},{"@type":"Organization","@id":"https:\/\/xn--srvemaa-90a.ee\/index.php\/#organization","name":"S\u00f6rvemaa P\u00e4rimuse Selts","description":"Tundmine. Kandmine. Edasiandmine. Arendamine.","url":"https:\/\/xn--srvemaa-90a.ee\/index.php\/","logo":{"@type":"ImageObject","url":"https:\/\/xn--srvemaa-90a.ee\/wp-content\/uploads\/2017\/09\/39831_116124621773024_2140669_n.jpg","@id":"https:\/\/xn--srvemaa-90a.ee\/index.php\/logiraamat\/sorve-maakoor-laulis-taritu-laulupeol\/#organizationLogo","width":461,"height":447},"image":{"@id":"https:\/\/xn--srvemaa-90a.ee\/index.php\/logiraamat\/sorve-maakoor-laulis-taritu-laulupeol\/#organizationLogo"},"sameAs":["https:\/\/www.facebook.com\/sorvemaaparimuseselts\/","https:\/\/www.instagram.com\/sorvemaaparimuseselts\/"]},{"@type":"Person","@id":"https:\/\/xn--srvemaa-90a.ee\/index.php\/author\/sps\/#author","url":"https:\/\/xn--srvemaa-90a.ee\/index.php\/author\/sps\/","name":"S\u00f6uke S\u00f6rvemaa","image":{"@type":"ImageObject","@id":"https:\/\/xn--srvemaa-90a.ee\/index.php\/logiraamat\/sorve-maakoor-laulis-taritu-laulupeol\/#authorImage","url":"https:\/\/secure.gravatar.com\/avatar\/3250babda1ef1592f32e0957e84ea48c07feec6a5b34e2bc812c9a4d297397fe?s=96&d=identicon&r=g","width":96,"height":96,"caption":"S\u00f6uke S\u00f6rvemaa"}},{"@type":"WebPage","@id":"https:\/\/xn--srvemaa-90a.ee\/index.php\/logiraamat\/sorve-maakoor-laulis-taritu-laulupeol\/#webpage","url":"https:\/\/xn--srvemaa-90a.ee\/index.php\/logiraamat\/sorve-maakoor-laulis-taritu-laulupeol\/","name":"S\u00f6rve Maakoor laulis Taritu laulupeol | SPS","description":"\u00dchel soojal ja vihmasel juulikuu laup\u00e4eval toimus j\u00e4rjekordne Taritu laulupidu, kus ka S\u00f6rve Maakoor on ikka r\u00f5\u00f5muga osalenud. Nii ka sel korral. Sel korral sai koos teiste kohale tulnud kooridega veelkord laulda t\u00e4navusel Saaremaa laulupeol k\u00f5lanud laulusid ning kaasa elada rahvatantsijatele. Ka traditsioonilised lestakalad said s\u00f6\u00f6dud. Oli kena kodune pidu! Ait\u00e4h headele naabritele Taritust meid","inLanguage":"et","isPartOf":{"@id":"https:\/\/xn--srvemaa-90a.ee\/index.php\/#website"},"breadcrumb":{"@id":"https:\/\/xn--srvemaa-90a.ee\/index.php\/logiraamat\/sorve-maakoor-laulis-taritu-laulupeol\/#breadcrumblist"},"author":{"@id":"https:\/\/xn--srvemaa-90a.ee\/index.php\/author\/sps\/#author"},"creator":{"@id":"https:\/\/xn--srvemaa-90a.ee\/index.php\/author\/sps\/#author"},"image":{"@type":"ImageObject","url":"https:\/\/xn--srvemaa-90a.ee\/wp-content\/uploads\/2026\/08\/Taritu-laulupidu-2026_tunnuspilt.jpg","@id":"https:\/\/xn--srvemaa-90a.ee\/index.php\/logiraamat\/sorve-maakoor-laulis-taritu-laulupeol\/#mainImage","width":1200,"height":628},"primaryImageOfPage":{"@id":"https:\/\/xn--srvemaa-90a.ee\/index.php\/logiraamat\/sorve-maakoor-laulis-taritu-laulupeol\/#mainImage"},"datePublished":"2026-07-30T16:20:06+02:00","dateModified":"2026-08-10T16:22:23+02:00"},{"@type":"WebSite","@id":"https:\/\/xn--srvemaa-90a.ee\/index.php\/#website","url":"https:\/\/xn--srvemaa-90a.ee\/index.php\/","name":"S\u00f6uke S\u00f6rvemaa","description":"Tundmine. Kandmine. Edasiandmine. Arendamine.","inLanguage":"et","publisher":{"@id":"https:\/\/xn--srvemaa-90a.ee\/index.php\/#organization"}}]},"og:locale":"et_EE","og:site_name":"S\u00f6uke s\u00f6rvemaa","og:type":"article","og:title":"S\u00f6rve Maakoor laulis Taritu laulupeol | SPS","og:description":"\u00dchel soojal ja vihmasel juulikuu laup\u00e4eval toimus j\u00e4rjekordne Taritu laulupidu, kus ka S\u00f6rve Maakoor on ikka r\u00f5\u00f5muga osalenud. Nii ka sel korral. Sel korral sai koos teiste kohale tulnud kooridega veelkord laulda t\u00e4navusel Saaremaa laulupeol k\u00f5lanud laulusid ning kaasa elada rahvatantsijatele. Ka traditsioonilised lestakalad said s\u00f6\u00f6dud. Oli kena kodune pidu! Ait\u00e4h headele naabritele Taritust meid","og:url":"https:\/\/xn--srvemaa-90a.ee\/index.php\/logiraamat\/sorve-maakoor-laulis-taritu-laulupeol\/","og:image":"https:\/\/xn--srvemaa-90a.ee\/wp-content\/uploads\/2020\/03\/kuj-2022-09-015-sps-logo-vaikeste-uuendustega-aadressita-varv-juhuslik-C-2.svg","og:image:secure_url":"https:\/\/xn--srvemaa-90a.ee\/wp-content\/uploads\/2020\/03\/kuj-2022-09-015-sps-logo-vaikeste-uuendustega-aadressita-varv-juhuslik-C-2.svg","article:published_time":"2026-07-30T14:20:06+00:00","article:modified_time":"2026-08-10T14:22:23+00:00","article:publisher":"https:\/\/www.facebook.com\/sorvemaaparimuseselts\/","twitter:card":"summary","twitter:title":"S\u00f6rve Maakoor laulis Taritu laulupeol | SPS","twitter:description":"\u00dchel soojal ja vihmasel juulikuu laup\u00e4eval toimus j\u00e4rjekordne Taritu laulupidu, kus ka S\u00f6rve Maakoor on ikka r\u00f5\u00f5muga osalenud. Nii ka sel korral. Sel korral sai koos teiste kohale tulnud kooridega veelkord laulda t\u00e4navusel Saaremaa laulupeol k\u00f5lanud laulusid ning kaasa elada rahvatantsijatele. Ka traditsioonilised lestakalad said s\u00f6\u00f6dud. Oli kena kodune pidu! Ait\u00e4h headele naabritele Taritust meid","twitter:image":"https:\/\/xn--srvemaa-90a.ee\/wp-content\/uploads\/2020\/03\/kuj-2022-09-015-sps-logo-vaikeste-uuendustega-aadressita-varv-juhuslik-C-2.svg"},"aioseo_meta_data":{"post_id":"8627","title":null,"description":null,"keywords":null,"keyphrases":{"focus":{"keyphrase":"","score":0,"analysis":{"keyphraseInTitle":{"score":0,"maxScore":9,"error":1}}},"additional":[]},"primary_term":null,"canonical_url":null,"og_title":null,"og_description":null,"og_object_type":"default","og_image_type":"default","og_image_url":null,"og_image_width":null,"og_image_height":null,"og_image_custom_url":null,"og_image_custom_fields":null,"og_video":"","og_custom_url":null,"og_article_section":null,"og_article_tags":null,"twitter_use_og":false,"twitter_card":"default","twitter_image_type":"default","twitter_image_url":null,"twitter_image_custom_url":null,"twitter_image_custom_fields":null,"twitter_title":null,"twitter_description":null,"schema":{"blockGraphs":[],"customGraphs":[],"default":{"data":{"Article":[],"Course":[],"Dataset":[],"FAQPage":[],"Movie":[],"Person":[],"Product":[],"ProductReview":[],"Car":[],"Recipe":[],"Service":[],"SoftwareApplication":[],"WebPage":[]},"graphName":"Article","isEnabled":true},"graphs":[]},"schema_type":"default","schema_type_options":null,"pillar_content":false,"robots_default":true,"robots_noindex":false,"robots_noarchive":false,"robots_nosnippet":false,"robots_nofollow":false,"robots_noimageindex":false,"robots_noodp":false,"robots_notranslate":false,"robots_max_snippet":"-1","robots_max_videopreview":"-1","robots_max_imagepreview":"large","priority":null,"frequency":"default","local_seo":null,"limit_modified_date":false,"created":"2026-08-10 13:45:24","updated":"2026-08-18 08:40:26","ai":{"faqs":[],"keyPoints":[],"schemas":[],"titles":[],"descriptions":[],"socialPosts":{"email":{"subject":"","preview":"","content":""},"linkedin":[],"twitter":[],"facebook":[],"instagram":[]}},"breadcrumb_settings":null,"seo_analyzer_scan_date":null},"_links":{"self":[{"href":"https:\/\/xn--srvemaa-90a.ee\/index.php\/wp-json\/wp\/v2\/posts\/8627","targetHints":{"allow":["GET"]}}],"collection":[{"href":"https:\/\/xn--srvemaa-90a.ee\/index.php\/wp-json\/wp\/v2\/posts"}],"about":[{"href":"https:\/\/xn--srvemaa-90a.ee\/index.php\/wp-json\/wp\/v2\/types\/post"}],"author":[{"embeddable":true,"href":"https:\/\/xn--srvemaa-90a.ee\/index.php\/wp-json\/wp\/v2\/users\/7"}],"replies":[{"embeddable":true,"href":"https:\/\/xn--srvemaa-90a.ee\/index.php\/wp-json\/wp\/v2\/comments?post=8627"}],"version-history":[{"count":3,"href":"https:\/\/xn--srvemaa-90a.ee\/index.php\/wp-json\/wp\/v2\/posts\/8627\/revisions"}],"predecessor-version":[{"id":8634,"href":"https:\/\/xn--srvemaa-90a.ee\/index.php\/wp-json\/wp\/v2\/posts\/8627\/revisions\/8634"}],"wp:featuredmedia":[{"embeddable":true,"href":"https:\/\/xn--srvemaa-90a.ee\/index.php\/wp-json\/wp\/v2\/media\/8629"}],"wp:attachment":[{"href":"https:\/\/xn--srvemaa-90a.ee\/index.php\/wp-json\/wp\/v2\/media?parent=8627"}],"wp:term":[{"taxonomy":"category","embeddable":true,"href":"https:\/\/xn--srvemaa-90a.ee\/index.php\/wp-json\/wp\/v2\/categories?post=8627"},{"taxonomy":"post_tag","embeddable":true,"href":"https:\/\/xn--srvemaa-90a.ee\/index.php\/wp-json\/wp\/v2\/tags?post=8627"}],"curies":[{"name":"wp","href":"https:\/\/api.w.org\/{rel}","templated":true}]}}