{"id":8501,"date":"2026-04-26T07:53:17","date_gmt":"2026-04-26T05:53:17","guid":{"rendered":"https:\/\/xn--srvemaa-90a.ee\/index.php\/?p=8501"},"modified":"2026-04-26T07:57:56","modified_gmt":"2026-04-26T05:57:56","slug":"jalgrattasepp-aimur-arge","status":"publish","type":"post","link":"https:\/\/xn--srvemaa-90a.ee\/index.php\/souke-sorvemaa\/sorvekeelsed-uudised\/jalgrattasepp-aimur-arge\/","title":{"rendered":"Jalgrattasepp Aimur Arge"},"content":{"rendered":"\n<figure class=\"wp-block-audio\"><audio controls src=\"http:\/\/xn--srvemaa-90a.ee\/wp-content\/uploads\/2026\/04\/SR-2026-04-21-Jalgrattamehaanik-Aimur-Arge.mp3\"><\/audio><\/figure>\n\n\n\n<p>S\u00f6rvekeeltsed uudised,\u00a0<a href=\"https:\/\/vikerraadio.err.ee\/arhiiv\/sorvekeelsed_uudised\" target=\"_blank\" rel=\"noreferrer noopener\">Vikerraadio eetris<\/a>\u00a022.4.2026<\/p>\n\n\n\n<p>Kevadise jalgrattahooaja alguse puhul ajab Timmi Helle juttu L\u00e4\u00e4tsa k\u00fcla mehe Aimur Argega, kes akas poisist peast oma isa \u00dclo juhatusel jalgrattas\u00f6iduga tegelema ja t\u00f6\u00f6tab n\u00fcid juba 30 aastat linnas jalgrattamehaaniku ammetis.<\/p>\n\n\n\n<hr class=\"wp-block-separator has-alpha-channel-opacity\"\/>\n\n\n\n<p>Aimuriga jutustas Timmi Helle, saate leikas kogu Tammeniidi Margus. Kenad terist ning kevadist aega teitele!<\/p>\n","protected":false},"excerpt":{"rendered":"<p>S\u00f6rvekeeltsed uudised,\u00a0Vikerraadio eetris\u00a022.4.2026 Kevadise jalgrattahooaja alguse puhul ajab Timmi Helle juttu L\u00e4\u00e4tsa k\u00fcla mehe Aimur Argega, kes akas poisist peast oma isa \u00dclo juhatusel jalgrattas\u00f6iduga tegelema ja t\u00f6\u00f6tab n\u00fcid juba 30 aastat linnas jalgrattamehaaniku ammetis. Aimuriga jutustas Timmi Helle, saate leikas kogu Tammeniidi Margus. Kenad terist ning kevadist aega teitele!<\/p>\n","protected":false},"author":7,"featured_media":8500,"comment_status":"closed","ping_status":"open","sticky":false,"template":"","format":"standard","meta":{"_acf_changed":false,"footnotes":""},"categories":[519,7,80],"tags":[945,944,145,800,43,52],"class_list":["post-8501","post","type-post","status-publish","format-standard","has-post-thumbnail","hentry","category-logiraamat","category-sorvekeelsed-uudised","category-souke-sorvemaa","tag-aimur-arge","tag-jalgratas","tag-kevad","tag-laatsa","tag-tammeniidi-margus","tag-timmi-helle"],"acf":[],"aioseo_notices":[],"_links":{"self":[{"href":"https:\/\/xn--srvemaa-90a.ee\/index.php\/wp-json\/wp\/v2\/posts\/8501","targetHints":{"allow":["GET"]}}],"collection":[{"href":"https:\/\/xn--srvemaa-90a.ee\/index.php\/wp-json\/wp\/v2\/posts"}],"about":[{"href":"https:\/\/xn--srvemaa-90a.ee\/index.php\/wp-json\/wp\/v2\/types\/post"}],"author":[{"embeddable":true,"href":"https:\/\/xn--srvemaa-90a.ee\/index.php\/wp-json\/wp\/v2\/users\/7"}],"replies":[{"embeddable":true,"href":"https:\/\/xn--srvemaa-90a.ee\/index.php\/wp-json\/wp\/v2\/comments?post=8501"}],"version-history":[{"count":3,"href":"https:\/\/xn--srvemaa-90a.ee\/index.php\/wp-json\/wp\/v2\/posts\/8501\/revisions"}],"predecessor-version":[{"id":8506,"href":"https:\/\/xn--srvemaa-90a.ee\/index.php\/wp-json\/wp\/v2\/posts\/8501\/revisions\/8506"}],"wp:featuredmedia":[{"embeddable":true,"href":"https:\/\/xn--srvemaa-90a.ee\/index.php\/wp-json\/wp\/v2\/media\/8500"}],"wp:attachment":[{"href":"https:\/\/xn--srvemaa-90a.ee\/index.php\/wp-json\/wp\/v2\/media?parent=8501"}],"wp:term":[{"taxonomy":"category","embeddable":true,"href":"https:\/\/xn--srvemaa-90a.ee\/index.php\/wp-json\/wp\/v2\/categories?post=8501"},{"taxonomy":"post_tag","embeddable":true,"href":"https:\/\/xn--srvemaa-90a.ee\/index.php\/wp-json\/wp\/v2\/tags?post=8501"}],"curies":[{"name":"wp","href":"https:\/\/api.w.org\/{rel}","templated":true}]}}