{"id":8475,"date":"2026-03-31T19:09:27","date_gmt":"2026-03-31T17:09:27","guid":{"rendered":"https:\/\/xn--srvemaa-90a.ee\/index.php\/?p=8475"},"modified":"2026-03-31T19:09:28","modified_gmt":"2026-03-31T17:09:28","slug":"uleriigilise-voistumangimise-eripreemia-sorvemaale","status":"publish","type":"post","link":"https:\/\/xn--srvemaa-90a.ee\/index.php\/souke-sorvemaa\/tuiutuba\/uleriigilise-voistumangimise-eripreemia-sorvemaale\/","title":{"rendered":"\u00dcleriigilise v\u00f5istum\u00e4ngimise eripreemia S\u00f5rvemaale!"},"content":{"rendered":"\n<p>27. m\u00e4rtsil 2026. said <a href=\"https:\/\/folk.ee\/uudised\/selgusid-parimad-noored-parimusmuusikamangijad\" target=\"_blank\" rel=\"noopener\" title=\"\">Viljandis P\u00e4rimusmuusika Aidas kokku noored p\u00e4rimusmuusikud \u00fcle Eestimaa<\/a> \u00fcleriigilisel noorte v\u00f5istum\u00e4ngimisel. Meie muusikutest oli osalemas viiulis\u00f6rmitseja Tammeougu Auli. Auli kavas oli Erich Kase salvestise p\u00f5hjal \u00f5pitud polka &#8220;Kirevere laadad&#8221; ning Mustjalast p\u00e4rit laul &#8220;Ma laulaksin kui tohiksin&#8221;, kus k\u00f5lasid k\u00f5rvuti nii laul kui pillim\u00e4ng. Auli tuli koju poogenpillide eripreemiaga loomuliku musikaalsuse eest. <\/p>\n\n\n\n<p>Kontserdil m\u00e4ngisid meite tansi\u00f6htatelgi sagedasti \u00fcles astuva Eva \u00f5pilased Mirjam ja Lily. Nemad esitasid samuti saaremaiseid lugusid ning Mirjam sai \u017e\u00fcriilt eripreemia osava fla\u017eoleti kasutamise eest.<\/p>\n\n\n\n<p>Palju \u00f5nne!<\/p>\n\n\n\n<figure class=\"wp-block-image size-large\"><img fetchpriority=\"high\" decoding=\"async\" width=\"771\" height=\"1024\" src=\"https:\/\/xn--srvemaa-90a.ee\/wp-content\/uploads\/2026\/03\/PXL_20260327_134545853-771x1024.jpg\" alt=\"\" class=\"wp-image-8478\" srcset=\"https:\/\/xn--srvemaa-90a.ee\/wp-content\/uploads\/2026\/03\/PXL_20260327_134545853-771x1024.jpg 771w, https:\/\/xn--srvemaa-90a.ee\/wp-content\/uploads\/2026\/03\/PXL_20260327_134545853-226x300.jpg 226w, https:\/\/xn--srvemaa-90a.ee\/wp-content\/uploads\/2026\/03\/PXL_20260327_134545853-768x1020.jpg 768w, https:\/\/xn--srvemaa-90a.ee\/wp-content\/uploads\/2026\/03\/PXL_20260327_134545853-1157x1536.jpg 1157w, https:\/\/xn--srvemaa-90a.ee\/wp-content\/uploads\/2026\/03\/PXL_20260327_134545853-1542x2048.jpg 1542w, https:\/\/xn--srvemaa-90a.ee\/wp-content\/uploads\/2026\/03\/PXL_20260327_134545853-1084x1440.jpg 1084w, https:\/\/xn--srvemaa-90a.ee\/wp-content\/uploads\/2026\/03\/PXL_20260327_134545853-400x531.jpg 400w, https:\/\/xn--srvemaa-90a.ee\/wp-content\/uploads\/2026\/03\/PXL_20260327_134545853-scaled.jpg 1928w\" sizes=\"(max-width: 771px) 100vw, 771px\" \/><figcaption class=\"wp-element-caption\">Auli, Mirjam ja Lily ning \u00f5petaja Eva peale kontserti Viljandis P\u00e4rimusmuusika Aidas. Pildistas Tiina 2026.<\/figcaption><\/figure>\n\n\n\n<p>Ait\u00e4h Evale, Tarmole ning Kuressaare Muusikakoolile!<\/p>\n\n\n\n<hr class=\"wp-block-separator has-alpha-channel-opacity\"\/>\n\n\n\n<p>Auli v\u00f5ttis v\u00f5istum\u00e4ngimisest osa ka 2021. aastal. Karantiiniajal sai osaleda \u00fcle interneti ja tookord m\u00e4ngis Auli kaks saaremaist akordionipala <a href=\"https:\/\/youtu.be\/fZ4OQAWVzM8?si=st-B7kf-JfKiZvpP\" target=\"_blank\" rel=\"noopener\" title=\"\">Meremeeste valss<\/a> ja <a href=\"https:\/\/youtu.be\/DsyC0zIlRUU?si=GYdK85qlY2kw2-sg\" target=\"_blank\" rel=\"noopener\" title=\"\">J\u00e4\u00e4 jumalaga Mann<\/a>.<\/p>\n\n\n\n<p><\/p>\n","protected":false},"excerpt":{"rendered":"<p>27. m\u00e4rtsil 2026. said Viljandis P\u00e4rimusmuusika Aidas kokku noored p\u00e4rimusmuusikud \u00fcle Eestimaa \u00fcleriigilisel noorte v\u00f5istum\u00e4ngimisel. Meie muusikutest oli osalemas viiulis\u00f6rmitseja Tammeougu Auli. Auli kavas oli Erich Kase salvestise p\u00f5hjal \u00f5pitud polka &#8220;Kirevere laadad&#8221; ning Mustjalast p\u00e4rit laul &#8220;Ma laulaksin kui tohiksin&#8221;, kus k\u00f5lasid k\u00f5rvuti nii laul kui pillim\u00e4ng. Auli tuli &hellip;<\/p>\n","protected":false},"author":7,"featured_media":8480,"comment_status":"closed","ping_status":"open","sticky":false,"template":"","format":"standard","meta":{"_acf_changed":false,"footnotes":""},"categories":[519,412],"tags":[936,943,532,42,19,785,942],"class_list":["post-8475","post","type-post","status-publish","format-standard","has-post-thumbnail","hentry","category-logiraamat","category-tuiutuba","tag-kandlesormitsejad-2","tag-eva-mitreikina","tag-sorvemaa-sormitsejad","tag-tammeougu-auli","tag-tammeougu-mari","tag-viiulisormitsejad","tag-viljandi-parimusmuusika-ait"],"acf":[],"aioseo_notices":[],"_links":{"self":[{"href":"https:\/\/xn--srvemaa-90a.ee\/index.php\/wp-json\/wp\/v2\/posts\/8475","targetHints":{"allow":["GET"]}}],"collection":[{"href":"https:\/\/xn--srvemaa-90a.ee\/index.php\/wp-json\/wp\/v2\/posts"}],"about":[{"href":"https:\/\/xn--srvemaa-90a.ee\/index.php\/wp-json\/wp\/v2\/types\/post"}],"author":[{"embeddable":true,"href":"https:\/\/xn--srvemaa-90a.ee\/index.php\/wp-json\/wp\/v2\/users\/7"}],"replies":[{"embeddable":true,"href":"https:\/\/xn--srvemaa-90a.ee\/index.php\/wp-json\/wp\/v2\/comments?post=8475"}],"version-history":[{"count":5,"href":"https:\/\/xn--srvemaa-90a.ee\/index.php\/wp-json\/wp\/v2\/posts\/8475\/revisions"}],"predecessor-version":[{"id":8485,"href":"https:\/\/xn--srvemaa-90a.ee\/index.php\/wp-json\/wp\/v2\/posts\/8475\/revisions\/8485"}],"wp:featuredmedia":[{"embeddable":true,"href":"https:\/\/xn--srvemaa-90a.ee\/index.php\/wp-json\/wp\/v2\/media\/8480"}],"wp:attachment":[{"href":"https:\/\/xn--srvemaa-90a.ee\/index.php\/wp-json\/wp\/v2\/media?parent=8475"}],"wp:term":[{"taxonomy":"category","embeddable":true,"href":"https:\/\/xn--srvemaa-90a.ee\/index.php\/wp-json\/wp\/v2\/categories?post=8475"},{"taxonomy":"post_tag","embeddable":true,"href":"https:\/\/xn--srvemaa-90a.ee\/index.php\/wp-json\/wp\/v2\/tags?post=8475"}],"curies":[{"name":"wp","href":"https:\/\/api.w.org\/{rel}","templated":true}]}}