{"id":8448,"date":"2026-03-09T17:02:14","date_gmt":"2026-03-09T15:02:14","guid":{"rendered":"https:\/\/xn--srvemaa-90a.ee\/index.php\/?p=8448"},"modified":"2026-03-09T17:04:12","modified_gmt":"2026-03-09T15:04:12","slug":"maakoori-kevadhooaeg-2026","status":"publish","type":"post","link":"https:\/\/xn--srvemaa-90a.ee\/index.php\/logiraamat\/maakoori-kevadhooaeg-2026\/","title":{"rendered":"Maakoori kevadhooaeg 2026"},"content":{"rendered":"\n<p>S\u00f6rve Maakoor saab sel kevadel kokku Salme rahvamajas laup\u00e4eviti kell 16-20 ja p\u00fchap\u00e4eviti 10-14.<\/p>\n\n\n\n<p>Kui soovid sel kevadel Maakooriga koos laulmist \u00f5ppida ning 6. juunil Saaremaa Laulupeost osa v\u00f5tta, kirjuta endast meie dirigendile anu@sorvemaa.ee!<\/p>\n\n\n\n<p>14.-15. m\u00e4rts &#8211; proov<\/p>\n\n\n\n<p>28.-29. m\u00e4rts &#8211; proov<\/p>\n\n\n\n<p>18.-19. aprill &#8211; proov<\/p>\n\n\n\n<p><strong>25. aprill &#8211; Saaremaa laulupeo proov<\/strong> Kuressaares<\/p>\n\n\n\n<p>16.-17. mai\u00a0v\u00f5i 23.-24. mai &#8211; proov<\/p>\n\n\n\n<p>30. -31. mai &#8211; proov<\/p>\n\n\n\n<p><strong>6. juuni Saaremaa laulupidu<\/strong> <\/p>\n\n\n\n<figure class=\"wp-block-image size-large\"><img fetchpriority=\"high\" decoding=\"async\" width=\"1024\" height=\"768\" src=\"https:\/\/xn--srvemaa-90a.ee\/wp-content\/uploads\/2026\/03\/20251206_191019-1024x768.jpg\" alt=\"\" class=\"wp-image-8449\" srcset=\"https:\/\/xn--srvemaa-90a.ee\/wp-content\/uploads\/2026\/03\/20251206_191019-1024x768.jpg 1024w, https:\/\/xn--srvemaa-90a.ee\/wp-content\/uploads\/2026\/03\/20251206_191019-300x225.jpg 300w, https:\/\/xn--srvemaa-90a.ee\/wp-content\/uploads\/2026\/03\/20251206_191019-768x576.jpg 768w, https:\/\/xn--srvemaa-90a.ee\/wp-content\/uploads\/2026\/03\/20251206_191019-1536x1152.jpg 1536w, https:\/\/xn--srvemaa-90a.ee\/wp-content\/uploads\/2026\/03\/20251206_191019-2048x1536.jpg 2048w, https:\/\/xn--srvemaa-90a.ee\/wp-content\/uploads\/2026\/03\/20251206_191019-1440x1080.jpg 1440w, https:\/\/xn--srvemaa-90a.ee\/wp-content\/uploads\/2026\/03\/20251206_191019-400x300.jpg 400w\" sizes=\"(max-width: 1024px) 100vw, 1024px\" \/><figcaption class=\"wp-element-caption\">Maakoor Rapla kirikus peale Eesti Segakooride Liidu advendikontserti (detsember 2025).<\/figcaption><\/figure>\n","protected":false},"excerpt":{"rendered":"<p>S\u00f6rve Maakoor saab sel kevadel kokku Salme rahvamajas laup\u00e4eviti kell 16-20 ja p\u00fchap\u00e4eviti 10-14. Kui soovid sel kevadel Maakooriga koos laulmist \u00f5ppida ning 6. juunil Saaremaa Laulupeost osa v\u00f5tta, kirjuta endast meie dirigendile anu@sorvemaa.ee! 14.-15. m\u00e4rts &#8211; proov 28.-29. m\u00e4rts &#8211; proov 18.-19. aprill &#8211; proov 25. aprill &#8211; Saaremaa &hellip;<\/p>\n","protected":false},"author":7,"featured_media":7717,"comment_status":"closed","ping_status":"open","sticky":false,"template":"","format":"standard","meta":{"_acf_changed":false,"footnotes":""},"categories":[519],"tags":[200,196,16,13,313],"class_list":["post-8448","post","type-post","status-publish","format-standard","has-post-thumbnail","hentry","category-logiraamat","tag-eihabeneomakodukula","tag-minakannanrahvariideid","tag-anu-lepik","tag-maakoor","tag-saaremaa-laulupidu"],"acf":[],"aioseo_notices":[],"_links":{"self":[{"href":"https:\/\/xn--srvemaa-90a.ee\/index.php\/wp-json\/wp\/v2\/posts\/8448","targetHints":{"allow":["GET"]}}],"collection":[{"href":"https:\/\/xn--srvemaa-90a.ee\/index.php\/wp-json\/wp\/v2\/posts"}],"about":[{"href":"https:\/\/xn--srvemaa-90a.ee\/index.php\/wp-json\/wp\/v2\/types\/post"}],"author":[{"embeddable":true,"href":"https:\/\/xn--srvemaa-90a.ee\/index.php\/wp-json\/wp\/v2\/users\/7"}],"replies":[{"embeddable":true,"href":"https:\/\/xn--srvemaa-90a.ee\/index.php\/wp-json\/wp\/v2\/comments?post=8448"}],"version-history":[{"count":3,"href":"https:\/\/xn--srvemaa-90a.ee\/index.php\/wp-json\/wp\/v2\/posts\/8448\/revisions"}],"predecessor-version":[{"id":8455,"href":"https:\/\/xn--srvemaa-90a.ee\/index.php\/wp-json\/wp\/v2\/posts\/8448\/revisions\/8455"}],"wp:featuredmedia":[{"embeddable":true,"href":"https:\/\/xn--srvemaa-90a.ee\/index.php\/wp-json\/wp\/v2\/media\/7717"}],"wp:attachment":[{"href":"https:\/\/xn--srvemaa-90a.ee\/index.php\/wp-json\/wp\/v2\/media?parent=8448"}],"wp:term":[{"taxonomy":"category","embeddable":true,"href":"https:\/\/xn--srvemaa-90a.ee\/index.php\/wp-json\/wp\/v2\/categories?post=8448"},{"taxonomy":"post_tag","embeddable":true,"href":"https:\/\/xn--srvemaa-90a.ee\/index.php\/wp-json\/wp\/v2\/tags?post=8448"}],"curies":[{"name":"wp","href":"https:\/\/api.w.org\/{rel}","templated":true}]}}