{"id":5245,"date":"2022-11-19T11:45:12","date_gmt":"2022-11-19T09:45:12","guid":{"rendered":"https:\/\/xn--srvemaa-90a.ee\/index.php\/?p=5245"},"modified":"2022-12-27T22:22:02","modified_gmt":"2022-12-27T20:22:02","slug":"saare-iivi-kailuka-kulast","status":"publish","type":"post","link":"https:\/\/xn--srvemaa-90a.ee\/index.php\/souke-sorvemaa\/sorvekeelsed-uudised\/saare-iivi-kailuka-kulast\/","title":{"rendered":"Saare Ivi Kailuka k\u00fclast"},"content":{"rendered":"\n<figure class=\"wp-block-audio\"><audio controls src=\"http:\/\/xn--srvemaa-90a.ee\/wp-content\/uploads\/2022\/11\/SR-2022-11-16-Saare-Ivi-Kailuka-ku\u0308last.mp3\"><\/audio><\/figure>\n\n\n\n<p>S\u00f6rvekeeltsed uudised, <a href=\"https:\/\/vikerraadio.err.ee\/arhiiv\/sorvekeelsed_uudised\" target=\"_blank\" rel=\"noreferrer noopener\">Vikerraadio eetris<\/a> 16.11.2022<\/p>\n\n\n\n<figure class=\"wp-block-audio\"><audio controls src=\"http:\/\/xn--srvemaa-90a.ee\/wp-content\/uploads\/2022\/11\/SR-2022-11-16-Saare-Ivi-Kailuka-kulast-pikk-ja-monteerimata.mp3\"><\/audio><figcaption class=\"wp-element-caption\">Pitk saade, s\u00f6rvemaa.ee<\/figcaption><\/figure>\n\n\n\n<p>Terit s\u00f6rulased ning muidu saarlased! Ma ole Tammeougu Mari.<\/p>\n\n\n\n<p>T\u00e4na k\u00f6neleme toidust. Et vanad s\u00f6rulased muust\u2019p r\u00e4\u00e4gigeed ju kut umbest kaladest ning kalade s\u00f6\u00f6misest, jutustame sellekorra t\u00fckkisoopis \u00fche saarlasega, Saare Iviga. Ta on sii s\u00f6rulastega juba \u00e4nam kut poole elu toimedand, aga oma lapsep\u00f6lvest m\u00e4\u00e4ledab kenast, mis s\u00f6\u00f6kisid vanaema tegi ning muud asja ikke ko. Ivi on meite uues Salme koolis m\u00fcdud sorti t\u00f6\u00f6d teind juba kooli akadusest peele. See teeb niid juba \u00e4nam kut 30 aastad. Pr\u00e4\u00e4gasel aal istub Ivi \u00e4namast sii kooli raamadukogus ning ojab muud paprid ka kenast joone peel.&nbsp;<\/p>\n\n\n\n<figure class=\"wp-block-image size-large\"><img fetchpriority=\"high\" decoding=\"async\" width=\"1024\" height=\"768\" src=\"http:\/\/xn--srvemaa-90a.ee\/wp-content\/uploads\/2022\/11\/20221109_Saare-Iivi-1024x768.jpg\" alt=\"\" class=\"wp-image-5247\" srcset=\"https:\/\/xn--srvemaa-90a.ee\/wp-content\/uploads\/2022\/11\/20221109_Saare-Iivi-1024x768.jpg 1024w, https:\/\/xn--srvemaa-90a.ee\/wp-content\/uploads\/2022\/11\/20221109_Saare-Iivi-300x225.jpg 300w, https:\/\/xn--srvemaa-90a.ee\/wp-content\/uploads\/2022\/11\/20221109_Saare-Iivi-768x576.jpg 768w, https:\/\/xn--srvemaa-90a.ee\/wp-content\/uploads\/2022\/11\/20221109_Saare-Iivi-1536x1152.jpg 1536w, https:\/\/xn--srvemaa-90a.ee\/wp-content\/uploads\/2022\/11\/20221109_Saare-Iivi-1440x1080.jpg 1440w, https:\/\/xn--srvemaa-90a.ee\/wp-content\/uploads\/2022\/11\/20221109_Saare-Iivi-400x300.jpg 400w, https:\/\/xn--srvemaa-90a.ee\/wp-content\/uploads\/2022\/11\/20221109_Saare-Iivi.jpg 1600w\" sizes=\"(max-width: 1024px) 100vw, 1024px\" \/><\/figure>\n\n\n\n<p><em>Saare Ivit tema t\u00f6\u00f6postil Salme kooli raamadukogus pildistas Tammeougu Mari. SPS 2022<\/em><\/p>\n\n\n\n<p>Att\u00e4h Ivi, et meitele saarlaste s\u00f6\u00f6mamoest soukst tarblist teedust andsid!<\/p>\n\n\n\n<p>Sihantsed luud tulad t\u00e4na siit S\u00f6rvemaa s\u00f6rva peelt. <\/p>\n\n\n\n<hr class=\"wp-block-separator has-alpha-channel-opacity\"\/>\n\n\n\n<p>S\u00f6rvekeeltsid uudissi tegid seltsis Tammeougu Mari ning Tammeniidi Margus. Kenad terist teitele!<\/p>\n","protected":false},"excerpt":{"rendered":"<p>Sellekorra k\u00e4is s\u00f6rvekeeltsete uudiste mikruhvoon k\u00fclas Salme kooli raamadukogus Saare Iivil, kes jutusdas meitele saarlaste s\u00f6\u00f6mamoest.<\/p>\n","protected":false},"author":7,"featured_media":5244,"comment_status":"closed","ping_status":"open","sticky":false,"template":"","format":"standard","meta":{"_acf_changed":false,"footnotes":""},"categories":[519,7,40,80],"tags":[723,9,683,43,19],"class_list":["post-5245","post","type-post","status-publish","format-standard","has-post-thumbnail","hentry","category-logiraamat","category-sorvekeelsed-uudised","category-sorvekeelsed-uudised-pikk-saade","category-souke-sorvemaa","tag-saare-ivi","tag-salme-kool","tag-soogijutud","tag-tammeniidi-margus","tag-tammeougu-mari"],"acf":[],"aioseo_notices":[],"_links":{"self":[{"href":"https:\/\/xn--srvemaa-90a.ee\/index.php\/wp-json\/wp\/v2\/posts\/5245","targetHints":{"allow":["GET"]}}],"collection":[{"href":"https:\/\/xn--srvemaa-90a.ee\/index.php\/wp-json\/wp\/v2\/posts"}],"about":[{"href":"https:\/\/xn--srvemaa-90a.ee\/index.php\/wp-json\/wp\/v2\/types\/post"}],"author":[{"embeddable":true,"href":"https:\/\/xn--srvemaa-90a.ee\/index.php\/wp-json\/wp\/v2\/users\/7"}],"replies":[{"embeddable":true,"href":"https:\/\/xn--srvemaa-90a.ee\/index.php\/wp-json\/wp\/v2\/comments?post=5245"}],"version-history":[{"count":10,"href":"https:\/\/xn--srvemaa-90a.ee\/index.php\/wp-json\/wp\/v2\/posts\/5245\/revisions"}],"predecessor-version":[{"id":5450,"href":"https:\/\/xn--srvemaa-90a.ee\/index.php\/wp-json\/wp\/v2\/posts\/5245\/revisions\/5450"}],"wp:featuredmedia":[{"embeddable":true,"href":"https:\/\/xn--srvemaa-90a.ee\/index.php\/wp-json\/wp\/v2\/media\/5244"}],"wp:attachment":[{"href":"https:\/\/xn--srvemaa-90a.ee\/index.php\/wp-json\/wp\/v2\/media?parent=5245"}],"wp:term":[{"taxonomy":"category","embeddable":true,"href":"https:\/\/xn--srvemaa-90a.ee\/index.php\/wp-json\/wp\/v2\/categories?post=5245"},{"taxonomy":"post_tag","embeddable":true,"href":"https:\/\/xn--srvemaa-90a.ee\/index.php\/wp-json\/wp\/v2\/tags?post=5245"}],"curies":[{"name":"wp","href":"https:\/\/api.w.org\/{rel}","templated":true}]}}